{"@context":{"dc":"http:\/\/purl.org\/dc\/elements\/1.1\/","skos":"http:\/\/www.w3.org\/2004\/02\/skos\/core#","skos:broader":{"@type":"@id"},"skos:inScheme":{"@type":"@id"},"skos:related":{"@type":"@id"},"skos:narrower":{"@type":"@id"},"skos:hasTopConcept":{"@type":"@id"},"skos:topConceptOf":{"@type":"@id"}},"@id":"http:\/\/172.31.1.9skos\/83","@type":"skos:Concept","skos:prefLabel":{"@language":"pt-BR","@value=":"Floresta Ciliar e\/ou de Galeria"},"skos:inScheme":"http:\/\/172.31.1.9","dct:created":"2024-01-03 10:56:57","dct:modified":"2024-01-03 11:17:55","skos:scopeNote":[{"@lang":"pt-BR","@value":"Vegeta\u00e7\u00e3o florestal que ocorre associada a cursos de \u00e1gua, geralmente intermitentes, os quais podem ser largos (ciliar) ou mais estreitos e cobertos pelo dossel (galeria). Mais associada aos dom\u00ednios do Cerrado e Caatinga, ocorre em todo o territ\u00f3rio nacional sob diferentes nomes. Fam\u00edlias frequentes s\u00e3o Leguminosae, Lauraceae, Myrtaceae, Euphorbiaceae, Clusiaceae e Rubiaceae.\n "}],"skos:broader":["http:\/\/172.31.1.9skos\/5"]}